{"id":239235,"date":"2024-11-05T18:38:34","date_gmt":"2024-11-05T17:38:34","guid":{"rendered":"https:\/\/peter-dern.com\/?p=239235"},"modified":"2024-11-05T18:38:35","modified_gmt":"2024-11-05T17:38:35","slug":"berufsbildungsbericht-2024-herausforderungen-und-chancen-fuer-die-duale-ausbildung-in-deutschland","status":"publish","type":"post","link":"https:\/\/peter-dern.com\/en\/berufsbildungsbericht-2024-herausforderungen-und-chancen-fuer-die-duale-ausbildung-in-deutschland\/","title":{"rendered":"Berufsbildungsbericht 2024: Herausforderungen und Chancen f\u00fcr die duale Ausbildung in Deutschland"},"content":{"rendered":"<p>In dieser Woche wurde der neue <strong>Berufsbildungsbericht 2024<\/strong> von der Bundesregierung ver\u00f6ffentlicht, und er h\u00e4lt wichtige Einblicke in den Zustand der beruflichen Bildung in Deutschland bereit. W\u00e4hrend die Nachfrage nach dualer Ausbildung erfreulicherweise gestiegen ist, zeigt der Bericht auch gro\u00dfe Herausforderungen auf, die nicht nur die Ausbildungssuchenden, sondern auch Unternehmen und Bildungstr\u00e4ger betreffen. Die duale Ausbildung als eine zentrale S\u00e4ule der deutschen Bildungslandschaft steht vor strukturellen Fragen, die tiefgehende Ver\u00e4nderungen erfordern.<\/p>\n\n\n\n<h3 class=\"wp-block-heading\">Die Lage der dualen Ausbildung im \u00dcberblick<\/h3>\n\n\n\n<p>Laut dem aktuellen Bericht stieg die Nachfrage nach dualen Ausbildungspl\u00e4tzen um <strong>3,2 Prozent<\/strong> im Vergleich zum Vorjahr. Das ist ein positives Zeichen daf\u00fcr, dass viele junge Menschen nach wie vor die Vorz\u00fcge des dualen Systems sch\u00e4tzen, das Theorie und Praxis eng miteinander verzahnt. Diese steigende Nachfrage kann als Indikator f\u00fcr das hohe Ansehen der dualen Ausbildung im Arbeitsmarkt gewertet werden.<\/p>\n\n\n\n<p>Trotz dieser positiven Entwicklung bleibt ein zentrales Problem bestehen: <strong>die hohe Zahl unbesetzter Ausbildungsstellen<\/strong>. So meldet der Bericht, dass im Jahr 2024 rund <strong>73.400 Ausbildungspl\u00e4tze<\/strong> unbesetzt blieben \u2013 ein alarmierender H\u00f6chststand, der auf verschiedene strukturelle Probleme hinweist.<\/p>\n\n\n\n<h3 class=\"wp-block-heading\">Warum bleiben so viele Ausbildungspl\u00e4tze unbesetzt?<\/h3>\n\n\n\n<p>Die Gr\u00fcnde f\u00fcr die unbesetzten Ausbildungspl\u00e4tze sind vielf\u00e4ltig und zeigen, dass das Problem nicht allein auf dem Desinteresse der Jugendlichen basiert:<\/p>\n\n\n\n<ol class=\"wp-block-list\">\n<li><strong>Regionale Ungleichgewichte<\/strong>: In l\u00e4ndlichen Regionen bleibt eine Vielzahl von Ausbildungsstellen unbesetzt, w\u00e4hrend in st\u00e4dtischen Gebieten mehr Nachfrage als Angebot besteht. Dieses Ungleichgewicht f\u00fchrt dazu, dass viele Unternehmen, insbesondere im Handwerk und im Mittelstand, dringend ben\u00f6tigte Nachwuchskr\u00e4fte nicht finden.<\/li>\n\n\n\n<li><strong>Berufliche Pr\u00e4ferenzen<\/strong>: Bestimmte Ausbildungsberufe genie\u00dfen weniger Popularit\u00e4t, was oft auf veraltete Vorstellungen oder mangelnde Informationen \u00fcber Karrierem\u00f6glichkeiten zur\u00fcckzuf\u00fchren ist. Viele junge Menschen streben verst\u00e4rkt nach Berufen mit akademischem Abschluss, obwohl eine Karriere mit Lehre in vielen Branchen hohe Verdienstaussichten und Aufstiegschancen bietet.<\/li>\n\n\n\n<li><strong>Anforderungen und Qualifikationsl\u00fccken<\/strong>: Viele Unternehmen beklagen, dass Bewerberinnen und Bewerber oft nicht die n\u00f6tigen Qualifikationen oder schulischen Voraussetzungen mitbringen. Hier liegt die Herausforderung nicht nur in der beruflichen Bildung, sondern beginnt bereits in der schulischen Ausbildung und der Berufsorientierung.<\/li>\n\n\n\n<li><strong>Wettbewerb durch Hochschulen<\/strong>: Der starke Ausbau des Hochschulsystems und die Betonung akademischer Karrierewege hat dazu gef\u00fchrt, dass viele Jugendliche zun\u00e4chst ein Studium beginnen \u2013 oft ohne sich \u00fcber alternative Bildungswege wie die duale Ausbildung ausreichend zu informieren.<\/li>\n<\/ol>\n\n\n\n<h3 class=\"wp-block-heading\">Chancen und L\u00f6sungsans\u00e4tze: Wie kann die duale Ausbildung gest\u00e4rkt werden?<\/h3>\n\n\n\n<p>Um das duale Ausbildungssystem nachhaltig zu st\u00e4rken und die Zahl der unbesetzten Ausbildungspl\u00e4tze zu reduzieren, sind verschiedene Ma\u00dfnahmen denkbar:<\/p>\n\n\n\n<ul class=\"wp-block-list\">\n<li><strong>Attraktivit\u00e4t des Ausbildungsberufs steigern<\/strong>: Durch gezielte Informationskampagnen und Berufsorientierung sollte das Bewusstsein f\u00fcr die vielf\u00e4ltigen M\u00f6glichkeiten einer dualen Ausbildung gest\u00e4rkt werden. Initiativen, die die gesellschaftliche Wahrnehmung von Ausbildungsberufen f\u00f6rdern und jungen Menschen berufliche Perspektiven aufzeigen, k\u00f6nnen hierbei eine entscheidende Rolle spielen.<\/li>\n\n\n\n<li><strong>Regionale Ausbildungsf\u00f6rderung<\/strong>: Um regionale Disparit\u00e4ten abzubauen, k\u00f6nnte eine st\u00e4rkere F\u00f6rderung der Mobilit\u00e4t von Auszubildenden oder die Schaffung regionaler Ausbildungszentren hilfreich sein. Hier k\u00f6nnten finanzielle Unterst\u00fctzungen f\u00fcr Fahrtkosten oder Wohnm\u00f6glichkeiten junge Menschen zur Aufnahme einer Ausbildung au\u00dferhalb ihrer Heimatregion motivieren.<\/li>\n\n\n\n<li><strong>Kooperationen zwischen Schulen und Unternehmen<\/strong>: Durch fr\u00fchzeitige Kooperationen k\u00f6nnten Schulen und Unternehmen gemeinsam an der Vorbereitung potenzieller Auszubildender arbeiten. Praktika, duale Schnuppertage und verst\u00e4rkte Berufsberatung k\u00f6nnten helfen, jungen Menschen die Vielfalt und das Potenzial der Ausbildungsberufe n\u00e4herzubringen.<\/li>\n\n\n\n<li><strong>Weiterentwicklung der Ausbildungsinhalte<\/strong>: Die beruflichen Anforderungen \u00e4ndern sich durch Digitalisierung und neue Technologien stetig. Unternehmen und Bildungseinrichtungen sollten ihre Ausbildungsinhalte laufend anpassen, um Ausbildungsberufe attraktiver und zeitgem\u00e4\u00df zu gestalten.<\/li>\n<\/ul>\n\n\n\n<h3 class=\"wp-block-heading\">Fazit: Der Berufsbildungsbericht als Impuls zur Weiterentwicklung<\/h3>\n\n\n\n<p>Der Berufsbildungsbericht 2024 zeigt, dass die duale Ausbildung in Deutschland nach wie vor gro\u00dfes Potenzial hat, jedoch auch auf strukturelle Herausforderungen st\u00f6\u00dft. Es ist notwendig, dass Politik, Wirtschaft und Bildungseinrichtungen gemeinsam an der Zukunft des dualen Systems arbeiten, um dessen Attraktivit\u00e4t und Effizienz zu steigern. Nur so kann die duale Ausbildung weiterhin ein Erfolgsmodell bleiben und den Fachkr\u00e4ftemangel langfristig verringern.<\/p>\n\n\n\n<p>Wir stehen an einem Punkt, an dem neue Denkans\u00e4tze und verst\u00e4rkte Kooperationen erforderlich sind. Die duale Ausbildung kann durch gezielte Ma\u00dfnahmen und eine st\u00e4rkere gesellschaftliche Anerkennung wieder an Bedeutung gewinnen und jungen Menschen eine aussichtsreiche Perspektive bieten. Der Berufsbildungsbericht 2024 gibt hierf\u00fcr wertvolle Anregungen und zeigt zugleich auf, dass Ver\u00e4nderungen notwendig sind, um die berufliche Bildung in Deutschland zukunftsf\u00e4hig zu gestalten.<\/p>","protected":false},"excerpt":{"rendered":"<p>Der Berufsbildungsbericht 2024 zeigt, dass die duale Ausbildung in Deutschland vor gro\u00dfen Herausforderungen steht: Obwohl die Nachfrage um 3,2 % gestiegen ist, bleiben 73.400 Ausbildungspl\u00e4tze unbesetzt. In meinem neuen Blogbeitrag beleuchte ich die Ursachen, wie regionale Ungleichgewichte und den wachsenden Wettbewerb durch akademische Bildung. Gleichzeitig diskutiere ich L\u00f6sungsans\u00e4tze, um die Attraktivit\u00e4t der dualen Ausbildung zu steigern und zuk\u00fcnftigen Fachkr\u00e4ftemangel zu bek\u00e4mpfen. Erfahren Sie mehr dar\u00fcber, wie das duale System fit f\u00fcr die Zukunft gemacht werden kann!<\/p>","protected":false},"author":4,"featured_media":239229,"comment_status":"open","ping_status":"open","sticky":false,"template":"","format":"standard","meta":{"_et_pb_use_builder":"","_et_pb_old_content":"","_et_gb_content_width":"","footnotes":""},"categories":[12],"tags":[],"class_list":["post-239235","post","type-post","status-publish","format-standard","has-post-thumbnail","hentry","category-weiterbildung"],"_links":{"self":[{"href":"https:\/\/peter-dern.com\/en\/wp-json\/wp\/v2\/posts\/239235","targetHints":{"allow":["GET"]}}],"collection":[{"href":"https:\/\/peter-dern.com\/en\/wp-json\/wp\/v2\/posts"}],"about":[{"href":"https:\/\/peter-dern.com\/en\/wp-json\/wp\/v2\/types\/post"}],"author":[{"embeddable":true,"href":"https:\/\/peter-dern.com\/en\/wp-json\/wp\/v2\/users\/4"}],"replies":[{"embeddable":true,"href":"https:\/\/peter-dern.com\/en\/wp-json\/wp\/v2\/comments?post=239235"}],"version-history":[{"count":0,"href":"https:\/\/peter-dern.com\/en\/wp-json\/wp\/v2\/posts\/239235\/revisions"}],"wp:featuredmedia":[{"embeddable":true,"href":"https:\/\/peter-dern.com\/en\/wp-json\/wp\/v2\/media\/239229"}],"wp:attachment":[{"href":"https:\/\/peter-dern.com\/en\/wp-json\/wp\/v2\/media?parent=239235"}],"wp:term":[{"taxonomy":"category","embeddable":true,"href":"https:\/\/peter-dern.com\/en\/wp-json\/wp\/v2\/categories?post=239235"},{"taxonomy":"post_tag","embeddable":true,"href":"https:\/\/peter-dern.com\/en\/wp-json\/wp\/v2\/tags?post=239235"}],"curies":[{"name":"wp","href":"https:\/\/api.w.org\/{rel}","templated":true}]}}